{"id":2092,"date":"2024-07-03T10:08:01","date_gmt":"2024-07-03T08:08:01","guid":{"rendered":"https:\/\/www.lab3040.cat\/?p=2092"},"modified":"2024-07-03T10:43:09","modified_gmt":"2024-07-03T08:43:09","slug":"participa-en-el-smart-city-expo-world-congress","status":"publish","type":"post","link":"https:\/\/www.lab3040.cat\/es\/actualidad\/participa-en-el-smart-city-expo-world-congress\/","title":{"rendered":"Participa en el Smart City Expo World Congress!"},"content":{"rendered":"<p>Durante la feria Smart City Expo World los d\u00edas 5, 6 y 7 de noviembre, el \u00c1rea Metropolitana de Barcelona pondr\u00e1 a disposici\u00f3n de las empresas metropolitanas un estand para ubicarse en su espacio. AMB y Barcelona Activa hacen un llamamiento para seleccionar conjuntamente las empresas coexpositoras en los estands de ambas entidades en el Smart City Expo World Congress 2024.<\/p>\n<p><strong>Las empresas que est\u00e9n interesadas en participar en el SCEWC 2024 con un espacio ubicado en el estand de AMB deber\u00e1n rellenar el formulario de participaci\u00f3n<\/strong>. AMB y Barcelona Activa colaboran en la selecci\u00f3n de empresas metropolitanas para formar parte de los estands de ambas administraciones. Al completar el formulario, las empresas podr\u00e1n elegir en qu\u00e9 estand ubicarse por orden de preferencia. Se evaluar\u00e1 la candidatura de la empresa para la asignaci\u00f3n en el estand de AMB y\/o Barcelona Activa. Si su propuesta es seleccionada y se le asigna el espacio de Barcelona Activa, se comunicar\u00e1n sus datos de contacto a Barcelona Activa para la gesti\u00f3n de su participaci\u00f3n. <strong>La valoraci\u00f3n tendr\u00e1 preferencia por las empresas comprometidas con la neutralidad clim\u00e1tica de la ciudad de Barcelona.<\/strong><\/p>\n<p>Si te interesa incluir tu empresa en la selecci\u00f3n, puedes completar el formulario en el siguiente enlace:<\/p>\n<p><a href=\"https:\/\/agenciaeconomica.amb.cat\/agenda\/inscripcions\/smartcity-2024\" target=\"_new\" rel=\"noreferrer noopener\">https:\/\/agenciaeconomica.amb.cat\/agenda\/inscripcions\/smartcity-2024<\/a><\/p>\n<p><span style=\"text-decoration: underline;\"><em>Las empresas interesadas tienen tiempo hasta el d\u00eda 14 de julio para completar el formulario de participaci\u00f3n.<\/em><\/span><\/p>\n<h6>Condiciones de la participaci\u00f3n:<\/h6>\n<p>AMB acoger\u00e1 entre 4 y 6 empresas y Barcelona Activa 10. El precio del pack de participaci\u00f3n es 795\u20ac + 10% de IVA, e incluye:<\/p>\n<ul>\n<li>Espacio f\u00edsico en el estand para el cual la empresa sea seleccionada<\/li>\n<li>Visibilidad en la web y la app del SCEWC (lista de expositores)<\/li>\n<li>Visibilidad en la lista de expositores colocada in situ en el info point<\/li>\n<li>3 pases de congreso<\/li>\n<li>6 pases de visitante<\/li>\n<li>2 pases de expositor (acceso al congreso y exposici\u00f3n, y d\u00edas de montaje)<\/li>\n<li>Conexi\u00f3n a internet est\u00e1ndar<\/li>\n<li>Acceso al \u00e1rea del expositor para poder coordinar la participaci\u00f3n:\n<ul>\n<li>Uso de la herramienta de invitaciones para enviar electr\u00f3nicamente las invitaciones a vuestros invitados y clientes<\/li>\n<li>Gesti\u00f3n del e-cat\u00e1logo<\/li>\n<li>Compra de servicios extra: catering, salas de reuniones, hoteles&#8230;<\/li>\n<li>25% de descuento para comprar pases adicionales<\/li>\n<\/ul>\n<\/li>\n<\/ul>\n","protected":false},"excerpt":{"rendered":"<p>Durante la feria Smart City Expo World los d\u00edas 5, 6 y 7 de noviembre, el \u00c1rea Metropolitana de Barcelona pondr\u00e1 a disposici\u00f3n de las empresas metropolitanas un estand para ubicarse en su espacio. AMB y Barcelona Activa hacen un llamamiento para seleccionar conjuntamente las empresas coexpositoras en los estands de ambas entidades en el&hellip;<\/p>\n","protected":false},"author":5,"featured_media":0,"comment_status":"closed","ping_status":"closed","sticky":false,"template":"","format":"standard","meta":{"_acf_changed":false,"footnotes":""},"categories":[55],"tags":[],"class_list":["post-2092","post","type-post","status-publish","format-standard","hentry","category-actualidad","entry","no-media"],"acf":[],"yoast_head":"<!-- This site is optimized with the Yoast SEO plugin v27.1.1 - https:\/\/yoast.com\/product\/yoast-seo-wordpress\/ -->\n<title>Participa en el Smart City Expo World Congress! - Lab3040 :: Conectamos ecosistemas de innovaci\u00f3n<\/title>\n<meta name=\"robots\" content=\"index, follow, max-snippet:-1, max-image-preview:large, max-video-preview:-1\" \/>\n<link rel=\"canonical\" href=\"https:\/\/www.lab3040.cat\/es\/actualidad\/participa-en-el-smart-city-expo-world-congress\/\" \/>\n<meta property=\"og:locale\" content=\"es_ES\" \/>\n<meta property=\"og:type\" content=\"article\" \/>\n<meta property=\"og:title\" content=\"Participa en el Smart City Expo World Congress! - Lab3040 :: Conectamos ecosistemas de innovaci\u00f3n\" \/>\n<meta property=\"og:description\" content=\"Durante la feria Smart City Expo World los d\u00edas 5, 6 y 7 de noviembre, el \u00c1rea Metropolitana de Barcelona pondr\u00e1 a disposici\u00f3n de las empresas metropolitanas un estand para ubicarse en su espacio. AMB y Barcelona Activa hacen un llamamiento para seleccionar conjuntamente las empresas coexpositoras en los estands de ambas entidades en el&hellip;\" \/>\n<meta property=\"og:url\" content=\"https:\/\/www.lab3040.cat\/es\/actualidad\/participa-en-el-smart-city-expo-world-congress\/\" \/>\n<meta property=\"og:site_name\" content=\"Lab3040 :: Conectamos ecosistemas de innovaci\u00f3n\" \/>\n<meta property=\"article:published_time\" content=\"2024-07-03T08:08:01+00:00\" \/>\n<meta property=\"article:modified_time\" content=\"2024-07-03T08:43:09+00:00\" \/>\n<meta name=\"author\" content=\"Vicente Atienza\" \/>\n<meta name=\"twitter:card\" content=\"summary_large_image\" \/>\n<meta name=\"twitter:label1\" content=\"Escrito por\" \/>\n\t<meta name=\"twitter:data1\" content=\"Vicente Atienza\" \/>\n\t<meta name=\"twitter:label2\" content=\"Tiempo de lectura\" \/>\n\t<meta name=\"twitter:data2\" content=\"2 minutos\" \/>\n<script type=\"application\/ld+json\" class=\"yoast-schema-graph\">{\"@context\":\"https:\/\/schema.org\",\"@graph\":[{\"@type\":\"Article\",\"@id\":\"https:\/\/www.lab3040.cat\/es\/actualidad\/participa-en-el-smart-city-expo-world-congress\/#article\",\"isPartOf\":{\"@id\":\"https:\/\/www.lab3040.cat\/es\/actualidad\/participa-en-el-smart-city-expo-world-congress\/\"},\"author\":{\"name\":\"Vicente Atienza\",\"@id\":\"http:\/\/www.lab3040.cat\/#\/schema\/person\/ffa555576062bdb78d35014aabe0600f\"},\"headline\":\"Participa en el Smart City Expo World Congress!\",\"datePublished\":\"2024-07-03T08:08:01+00:00\",\"dateModified\":\"2024-07-03T08:43:09+00:00\",\"mainEntityOfPage\":{\"@id\":\"https:\/\/www.lab3040.cat\/es\/actualidad\/participa-en-el-smart-city-expo-world-congress\/\"},\"wordCount\":384,\"publisher\":{\"@id\":\"http:\/\/www.lab3040.cat\/#organization\"},\"articleSection\":[\"Actualidad\"],\"inLanguage\":\"es\"},{\"@type\":\"WebPage\",\"@id\":\"https:\/\/www.lab3040.cat\/es\/actualidad\/participa-en-el-smart-city-expo-world-congress\/\",\"url\":\"https:\/\/www.lab3040.cat\/es\/actualidad\/participa-en-el-smart-city-expo-world-congress\/\",\"name\":\"Participa en el Smart City Expo World Congress! - Lab3040 :: Conectamos ecosistemas de innovaci\u00f3n\",\"isPartOf\":{\"@id\":\"http:\/\/www.lab3040.cat\/#website\"},\"datePublished\":\"2024-07-03T08:08:01+00:00\",\"dateModified\":\"2024-07-03T08:43:09+00:00\",\"breadcrumb\":{\"@id\":\"https:\/\/www.lab3040.cat\/es\/actualidad\/participa-en-el-smart-city-expo-world-congress\/#breadcrumb\"},\"inLanguage\":\"es\",\"potentialAction\":[{\"@type\":\"ReadAction\",\"target\":[\"https:\/\/www.lab3040.cat\/es\/actualidad\/participa-en-el-smart-city-expo-world-congress\/\"]}]},{\"@type\":\"BreadcrumbList\",\"@id\":\"https:\/\/www.lab3040.cat\/es\/actualidad\/participa-en-el-smart-city-expo-world-congress\/#breadcrumb\",\"itemListElement\":[{\"@type\":\"ListItem\",\"position\":1,\"name\":\"Inici\",\"item\":\"https:\/\/www.lab3040.cat\/es\/\"},{\"@type\":\"ListItem\",\"position\":2,\"name\":\"Participa en el Smart City Expo World Congress!\"}]},{\"@type\":\"WebSite\",\"@id\":\"http:\/\/www.lab3040.cat\/#website\",\"url\":\"http:\/\/www.lab3040.cat\/\",\"name\":\"Lab3040 :: Conectamos ecosistemas de innovaci\u00f3n\",\"description\":\"\",\"publisher\":{\"@id\":\"http:\/\/www.lab3040.cat\/#organization\"},\"potentialAction\":[{\"@type\":\"SearchAction\",\"target\":{\"@type\":\"EntryPoint\",\"urlTemplate\":\"http:\/\/www.lab3040.cat\/?s={search_term_string}\"},\"query-input\":{\"@type\":\"PropertyValueSpecification\",\"valueRequired\":true,\"valueName\":\"search_term_string\"}}],\"inLanguage\":\"es\"},{\"@type\":\"Organization\",\"@id\":\"http:\/\/www.lab3040.cat\/#organization\",\"name\":\"Lab3040 :: Conectamos ecosistemas de innovaci\u00f3n\",\"url\":\"http:\/\/www.lab3040.cat\/\",\"logo\":{\"@type\":\"ImageObject\",\"inLanguage\":\"es\",\"@id\":\"http:\/\/www.lab3040.cat\/#\/schema\/logo\/image\/\",\"url\":\"https:\/\/www.lab3040.cat\/wp-content\/uploads\/2023\/03\/logo_lab.jpg\",\"contentUrl\":\"https:\/\/www.lab3040.cat\/wp-content\/uploads\/2023\/03\/logo_lab.jpg\",\"width\":800,\"height\":375,\"caption\":\"Lab3040 :: Conectamos ecosistemas de innovaci\u00f3n\"},\"image\":{\"@id\":\"http:\/\/www.lab3040.cat\/#\/schema\/logo\/image\/\"}},{\"@type\":\"Person\",\"@id\":\"http:\/\/www.lab3040.cat\/#\/schema\/person\/ffa555576062bdb78d35014aabe0600f\",\"name\":\"Vicente Atienza\",\"url\":\"https:\/\/www.lab3040.cat\/es\/author\/vatienza\/\"}]}<\/script>\n<!-- \/ Yoast SEO plugin. -->","yoast_head_json":{"title":"Participa en el Smart City Expo World Congress! - Lab3040 :: Conectamos ecosistemas de innovaci\u00f3n","robots":{"index":"index","follow":"follow","max-snippet":"max-snippet:-1","max-image-preview":"max-image-preview:large","max-video-preview":"max-video-preview:-1"},"canonical":"https:\/\/www.lab3040.cat\/es\/actualidad\/participa-en-el-smart-city-expo-world-congress\/","og_locale":"es_ES","og_type":"article","og_title":"Participa en el Smart City Expo World Congress! - Lab3040 :: Conectamos ecosistemas de innovaci\u00f3n","og_description":"Durante la feria Smart City Expo World los d\u00edas 5, 6 y 7 de noviembre, el \u00c1rea Metropolitana de Barcelona pondr\u00e1 a disposici\u00f3n de las empresas metropolitanas un estand para ubicarse en su espacio. AMB y Barcelona Activa hacen un llamamiento para seleccionar conjuntamente las empresas coexpositoras en los estands de ambas entidades en el&hellip;","og_url":"https:\/\/www.lab3040.cat\/es\/actualidad\/participa-en-el-smart-city-expo-world-congress\/","og_site_name":"Lab3040 :: Conectamos ecosistemas de innovaci\u00f3n","article_published_time":"2024-07-03T08:08:01+00:00","article_modified_time":"2024-07-03T08:43:09+00:00","author":"Vicente Atienza","twitter_card":"summary_large_image","twitter_misc":{"Escrito por":"Vicente Atienza","Tiempo de lectura":"2 minutos"},"schema":{"@context":"https:\/\/schema.org","@graph":[{"@type":"Article","@id":"https:\/\/www.lab3040.cat\/es\/actualidad\/participa-en-el-smart-city-expo-world-congress\/#article","isPartOf":{"@id":"https:\/\/www.lab3040.cat\/es\/actualidad\/participa-en-el-smart-city-expo-world-congress\/"},"author":{"name":"Vicente Atienza","@id":"http:\/\/www.lab3040.cat\/#\/schema\/person\/ffa555576062bdb78d35014aabe0600f"},"headline":"Participa en el Smart City Expo World Congress!","datePublished":"2024-07-03T08:08:01+00:00","dateModified":"2024-07-03T08:43:09+00:00","mainEntityOfPage":{"@id":"https:\/\/www.lab3040.cat\/es\/actualidad\/participa-en-el-smart-city-expo-world-congress\/"},"wordCount":384,"publisher":{"@id":"http:\/\/www.lab3040.cat\/#organization"},"articleSection":["Actualidad"],"inLanguage":"es"},{"@type":"WebPage","@id":"https:\/\/www.lab3040.cat\/es\/actualidad\/participa-en-el-smart-city-expo-world-congress\/","url":"https:\/\/www.lab3040.cat\/es\/actualidad\/participa-en-el-smart-city-expo-world-congress\/","name":"Participa en el Smart City Expo World Congress! - Lab3040 :: Conectamos ecosistemas de innovaci\u00f3n","isPartOf":{"@id":"http:\/\/www.lab3040.cat\/#website"},"datePublished":"2024-07-03T08:08:01+00:00","dateModified":"2024-07-03T08:43:09+00:00","breadcrumb":{"@id":"https:\/\/www.lab3040.cat\/es\/actualidad\/participa-en-el-smart-city-expo-world-congress\/#breadcrumb"},"inLanguage":"es","potentialAction":[{"@type":"ReadAction","target":["https:\/\/www.lab3040.cat\/es\/actualidad\/participa-en-el-smart-city-expo-world-congress\/"]}]},{"@type":"BreadcrumbList","@id":"https:\/\/www.lab3040.cat\/es\/actualidad\/participa-en-el-smart-city-expo-world-congress\/#breadcrumb","itemListElement":[{"@type":"ListItem","position":1,"name":"Inici","item":"https:\/\/www.lab3040.cat\/es\/"},{"@type":"ListItem","position":2,"name":"Participa en el Smart City Expo World Congress!"}]},{"@type":"WebSite","@id":"http:\/\/www.lab3040.cat\/#website","url":"http:\/\/www.lab3040.cat\/","name":"Lab3040 :: Conectamos ecosistemas de innovaci\u00f3n","description":"","publisher":{"@id":"http:\/\/www.lab3040.cat\/#organization"},"potentialAction":[{"@type":"SearchAction","target":{"@type":"EntryPoint","urlTemplate":"http:\/\/www.lab3040.cat\/?s={search_term_string}"},"query-input":{"@type":"PropertyValueSpecification","valueRequired":true,"valueName":"search_term_string"}}],"inLanguage":"es"},{"@type":"Organization","@id":"http:\/\/www.lab3040.cat\/#organization","name":"Lab3040 :: Conectamos ecosistemas de innovaci\u00f3n","url":"http:\/\/www.lab3040.cat\/","logo":{"@type":"ImageObject","inLanguage":"es","@id":"http:\/\/www.lab3040.cat\/#\/schema\/logo\/image\/","url":"https:\/\/www.lab3040.cat\/wp-content\/uploads\/2023\/03\/logo_lab.jpg","contentUrl":"https:\/\/www.lab3040.cat\/wp-content\/uploads\/2023\/03\/logo_lab.jpg","width":800,"height":375,"caption":"Lab3040 :: Conectamos ecosistemas de innovaci\u00f3n"},"image":{"@id":"http:\/\/www.lab3040.cat\/#\/schema\/logo\/image\/"}},{"@type":"Person","@id":"http:\/\/www.lab3040.cat\/#\/schema\/person\/ffa555576062bdb78d35014aabe0600f","name":"Vicente Atienza","url":"https:\/\/www.lab3040.cat\/es\/author\/vatienza\/"}]}},"_links":{"self":[{"href":"https:\/\/www.lab3040.cat\/es\/wp-json\/wp\/v2\/posts\/2092","targetHints":{"allow":["GET"]}}],"collection":[{"href":"https:\/\/www.lab3040.cat\/es\/wp-json\/wp\/v2\/posts"}],"about":[{"href":"https:\/\/www.lab3040.cat\/es\/wp-json\/wp\/v2\/types\/post"}],"author":[{"embeddable":true,"href":"https:\/\/www.lab3040.cat\/es\/wp-json\/wp\/v2\/users\/5"}],"replies":[{"embeddable":true,"href":"https:\/\/www.lab3040.cat\/es\/wp-json\/wp\/v2\/comments?post=2092"}],"version-history":[{"count":1,"href":"https:\/\/www.lab3040.cat\/es\/wp-json\/wp\/v2\/posts\/2092\/revisions"}],"predecessor-version":[{"id":2093,"href":"https:\/\/www.lab3040.cat\/es\/wp-json\/wp\/v2\/posts\/2092\/revisions\/2093"}],"wp:attachment":[{"href":"https:\/\/www.lab3040.cat\/es\/wp-json\/wp\/v2\/media?parent=2092"}],"wp:term":[{"taxonomy":"category","embeddable":true,"href":"https:\/\/www.lab3040.cat\/es\/wp-json\/wp\/v2\/categories?post=2092"},{"taxonomy":"post_tag","embeddable":true,"href":"https:\/\/www.lab3040.cat\/es\/wp-json\/wp\/v2\/tags?post=2092"}],"curies":[{"name":"wp","href":"https:\/\/api.w.org\/{rel}","templated":true}]}}