{"id":1987,"date":"2024-05-08T13:30:59","date_gmt":"2024-05-08T11:30:59","guid":{"rendered":"https:\/\/www.lab3040.cat\/?p=1987"},"modified":"2024-05-13T13:48:56","modified_gmt":"2024-05-13T11:48:56","slug":"la-universidad-politecnica-de-catalua-abre-la-tercera-edicion-del-programa-industrial-tech","status":"publish","type":"post","link":"https:\/\/www.lab3040.cat\/es\/actualidad\/la-universidad-politecnica-de-catalua-abre-la-tercera-edicion-del-programa-industrial-tech\/","title":{"rendered":"La Universidad Polit\u00e9cnica de Catalu\u00f1a abre la tercera edici\u00f3n del programa Industrial Tech"},"content":{"rendered":"<div class=\"flex-1 overflow-hidden\">\n<div class=\"react-scroll-to-bottom--css-mupbr-79elbk h-full\">\n<div class=\"react-scroll-to-bottom--css-mupbr-1n7m0yu\">\n<div>\n<div class=\"flex flex-col text-sm pb-9\">\n<div class=\"w-full text-token-text-primary\" dir=\"auto\" data-testid=\"conversation-turn-23\" data-scroll-anchor=\"true\">\n<div class=\"py-2 px-3 text-base md:px-4 m-auto md:px-5 lg:px-1 xl:px-5\">\n<div class=\"mx-auto flex flex-1 gap-3 text-base juice:gap-4 juice:md:gap-6 md:max-w-3xl lg:max-w-[40rem] xl:max-w-[48rem]\">\n<div class=\"relative flex w-full min-w-0 flex-col agent-turn\">\n<div class=\"flex-col gap-1 md:gap-3\">\n<div class=\"flex flex-grow flex-col max-w-full\">\n<div class=\"min-h-[20px] text-message flex flex-col items-start whitespace-pre-wrap break-words [.text-message+&amp;]:mt-5 overflow-x-auto gap-3\" dir=\"auto\" data-message-author-role=\"assistant\" data-message-id=\"d072eedf-1711-4781-8352-3b6a46e61f1b\">\n<div class=\"markdown prose w-full break-words dark:prose-invert light\">\n<p>El concurso de preaceleraci\u00f3n industrial se abre como una nueva actividad del programa Empr\u00e8n UPC para aquellas personas interesadas en emprender en el \u00e1mbito de la tecnolog\u00eda industrial. El programa es gratuito y ofrece 60 horas de formaci\u00f3n pr\u00e1ctica en fabricaci\u00f3n aditiva, rob\u00f3tica, industria 4.0, IoT, hardware, entre otros. Adem\u00e1s, proporciona 40 horas de formaci\u00f3n en gesti\u00f3n, desarrollo empresarial y un acompa\u00f1amiento personalizado en forma de mentor\u00eda.<\/p>\n<p>El periodo de inscripciones es del 18 de julio al 17 de septiembre. Para m\u00e1s informaci\u00f3n, <a href=\"https:\/\/www.upc.edu\/innovacio\/ca\/esdeveniments-1\/programa-de-preacceleracio-industrial-tech-edicio-3\/view\">consulta la convocatoria<\/a>. Tambi\u00e9n puedes ir directamente al <a href=\"https:\/\/docs.google.com\/forms\/d\/e\/1FAIpQLSdarY-sJwd4vJleGvKCJOVqwW9cgy0efjmwpawaaUqRpym3MA\/viewform\">formulario de inscripci\u00f3n<\/a>.<\/p>\n<\/div>\n<\/div>\n<\/div>\n<div class=\"mt-1 flex gap-3 empty:hidden juice:-ml-3\">\n<div class=\"-ml-1 mt-0 h-7 items-center justify-center gap-[2px] self-end text-gray-400 lg:justify-start lg:self-center visible flex\">\n<p>&nbsp;<\/p>\n<div class=\"flex\"><\/div>\n<\/div>\n<\/div>\n<div class=\"pr-2 lg:pr-0\"><\/div>\n<\/div>\n<div class=\"absolute\">\n<div class=\"flex w-full gap-2 items-center justify-center\"><\/div>\n<\/div>\n<\/div>\n<\/div>\n<\/div>\n<\/div>\n<\/div>\n<\/div>\n<\/div>\n<\/div>\n<\/div>\n<div class=\"w-full md:pt-0 dark:border-white\/20 md:border-transparent md:dark:border-transparent md:w-[calc(100%-.5rem)] juice:w-full\">\n<div class=\"px-3 text-base md:px-4 m-auto md:px-5 lg:px-1 xl:px-5\">\n<div class=\"mx-auto flex flex-1 gap-3 text-base juice:gap-4 juice:md:gap-6 md:max-w-3xl lg:max-w-[40rem] xl:max-w-[48rem]\">\n<form class=\"w-full\">\n<div class=\"relative flex h-full max-w-full flex-1 flex-col\">\n<div class=\"absolute bottom-full left-0 right-0\"><\/div>\n<div class=\"flex w-full items-center\"><\/div>\n<\/div>\n<\/form>\n<\/div>\n<\/div>\n<\/div>\n","protected":false},"excerpt":{"rendered":"<p>El concurso de preaceleraci\u00f3n industrial se abre como una nueva actividad del programa Empr\u00e8n UPC para aquellas personas interesadas en emprender en el \u00e1mbito de la tecnolog\u00eda industrial. El programa es gratuito y ofrece 60 horas de formaci\u00f3n pr\u00e1ctica en fabricaci\u00f3n aditiva, rob\u00f3tica, industria 4.0, IoT, hardware, entre otros. Adem\u00e1s, proporciona 40 horas de formaci\u00f3n&hellip;<\/p>\n","protected":false},"author":5,"featured_media":0,"comment_status":"closed","ping_status":"closed","sticky":false,"template":"","format":"standard","meta":{"_acf_changed":false,"footnotes":""},"categories":[55,23],"tags":[],"class_list":["post-1987","post","type-post","status-publish","format-standard","hentry","category-actualidad","category-sin-categorizar","entry","no-media"],"acf":[],"yoast_head":"<!-- This site is optimized with the Yoast SEO plugin v27.1.1 - https:\/\/yoast.com\/product\/yoast-seo-wordpress\/ -->\n<title>La Universidad Polit\u00e9cnica de Catalu\u00f1a abre la tercera edici\u00f3n del programa Industrial Tech - Lab3040 :: Conectamos ecosistemas de innovaci\u00f3n<\/title>\n<meta name=\"robots\" content=\"index, follow, max-snippet:-1, max-image-preview:large, max-video-preview:-1\" \/>\n<link rel=\"canonical\" href=\"https:\/\/www.lab3040.cat\/es\/actualidad\/la-universidad-politecnica-de-catalua-abre-la-tercera-edicion-del-programa-industrial-tech\/\" \/>\n<meta property=\"og:locale\" content=\"es_ES\" \/>\n<meta property=\"og:type\" content=\"article\" \/>\n<meta property=\"og:title\" content=\"La Universidad Polit\u00e9cnica de Catalu\u00f1a abre la tercera edici\u00f3n del programa Industrial Tech - Lab3040 :: Conectamos ecosistemas de innovaci\u00f3n\" \/>\n<meta property=\"og:description\" content=\"El concurso de preaceleraci\u00f3n industrial se abre como una nueva actividad del programa Empr\u00e8n UPC para aquellas personas interesadas en emprender en el \u00e1mbito de la tecnolog\u00eda industrial. El programa es gratuito y ofrece 60 horas de formaci\u00f3n pr\u00e1ctica en fabricaci\u00f3n aditiva, rob\u00f3tica, industria 4.0, IoT, hardware, entre otros. Adem\u00e1s, proporciona 40 horas de formaci\u00f3n&hellip;\" \/>\n<meta property=\"og:url\" content=\"https:\/\/www.lab3040.cat\/es\/actualidad\/la-universidad-politecnica-de-catalua-abre-la-tercera-edicion-del-programa-industrial-tech\/\" \/>\n<meta property=\"og:site_name\" content=\"Lab3040 :: Conectamos ecosistemas de innovaci\u00f3n\" \/>\n<meta property=\"article:published_time\" content=\"2024-05-08T11:30:59+00:00\" \/>\n<meta property=\"article:modified_time\" content=\"2024-05-13T11:48:56+00:00\" \/>\n<meta name=\"author\" content=\"Vicente Atienza\" \/>\n<meta name=\"twitter:card\" content=\"summary_large_image\" \/>\n<meta name=\"twitter:label1\" content=\"Escrito por\" \/>\n\t<meta name=\"twitter:data1\" content=\"Vicente Atienza\" \/>\n\t<meta name=\"twitter:label2\" content=\"Tiempo de lectura\" \/>\n\t<meta name=\"twitter:data2\" content=\"1 minuto\" \/>\n<script type=\"application\/ld+json\" class=\"yoast-schema-graph\">{\"@context\":\"https:\/\/schema.org\",\"@graph\":[{\"@type\":\"Article\",\"@id\":\"https:\/\/www.lab3040.cat\/es\/actualidad\/la-universidad-politecnica-de-catalua-abre-la-tercera-edicion-del-programa-industrial-tech\/#article\",\"isPartOf\":{\"@id\":\"https:\/\/www.lab3040.cat\/es\/actualidad\/la-universidad-politecnica-de-catalua-abre-la-tercera-edicion-del-programa-industrial-tech\/\"},\"author\":{\"name\":\"Vicente Atienza\",\"@id\":\"http:\/\/www.lab3040.cat\/#\/schema\/person\/ffa555576062bdb78d35014aabe0600f\"},\"headline\":\"La Universidad Polit\u00e9cnica de Catalu\u00f1a abre la tercera edici\u00f3n del programa Industrial Tech\",\"datePublished\":\"2024-05-08T11:30:59+00:00\",\"dateModified\":\"2024-05-13T11:48:56+00:00\",\"mainEntityOfPage\":{\"@id\":\"https:\/\/www.lab3040.cat\/es\/actualidad\/la-universidad-politecnica-de-catalua-abre-la-tercera-edicion-del-programa-industrial-tech\/\"},\"wordCount\":122,\"publisher\":{\"@id\":\"http:\/\/www.lab3040.cat\/#organization\"},\"articleSection\":[\"Actualidad\",\"Sin categorizar\"],\"inLanguage\":\"es\"},{\"@type\":\"WebPage\",\"@id\":\"https:\/\/www.lab3040.cat\/es\/actualidad\/la-universidad-politecnica-de-catalua-abre-la-tercera-edicion-del-programa-industrial-tech\/\",\"url\":\"https:\/\/www.lab3040.cat\/es\/actualidad\/la-universidad-politecnica-de-catalua-abre-la-tercera-edicion-del-programa-industrial-tech\/\",\"name\":\"La Universidad Polit\u00e9cnica de Catalu\u00f1a abre la tercera edici\u00f3n del programa Industrial Tech - Lab3040 :: Conectamos ecosistemas de innovaci\u00f3n\",\"isPartOf\":{\"@id\":\"http:\/\/www.lab3040.cat\/#website\"},\"datePublished\":\"2024-05-08T11:30:59+00:00\",\"dateModified\":\"2024-05-13T11:48:56+00:00\",\"breadcrumb\":{\"@id\":\"https:\/\/www.lab3040.cat\/es\/actualidad\/la-universidad-politecnica-de-catalua-abre-la-tercera-edicion-del-programa-industrial-tech\/#breadcrumb\"},\"inLanguage\":\"es\",\"potentialAction\":[{\"@type\":\"ReadAction\",\"target\":[\"https:\/\/www.lab3040.cat\/es\/actualidad\/la-universidad-politecnica-de-catalua-abre-la-tercera-edicion-del-programa-industrial-tech\/\"]}]},{\"@type\":\"BreadcrumbList\",\"@id\":\"https:\/\/www.lab3040.cat\/es\/actualidad\/la-universidad-politecnica-de-catalua-abre-la-tercera-edicion-del-programa-industrial-tech\/#breadcrumb\",\"itemListElement\":[{\"@type\":\"ListItem\",\"position\":1,\"name\":\"Inici\",\"item\":\"https:\/\/www.lab3040.cat\/es\/\"},{\"@type\":\"ListItem\",\"position\":2,\"name\":\"La Universidad Polit\u00e9cnica de Catalu\u00f1a abre la tercera edici\u00f3n del programa Industrial Tech\"}]},{\"@type\":\"WebSite\",\"@id\":\"http:\/\/www.lab3040.cat\/#website\",\"url\":\"http:\/\/www.lab3040.cat\/\",\"name\":\"Lab3040 :: Conectamos ecosistemas de innovaci\u00f3n\",\"description\":\"\",\"publisher\":{\"@id\":\"http:\/\/www.lab3040.cat\/#organization\"},\"potentialAction\":[{\"@type\":\"SearchAction\",\"target\":{\"@type\":\"EntryPoint\",\"urlTemplate\":\"http:\/\/www.lab3040.cat\/?s={search_term_string}\"},\"query-input\":{\"@type\":\"PropertyValueSpecification\",\"valueRequired\":true,\"valueName\":\"search_term_string\"}}],\"inLanguage\":\"es\"},{\"@type\":\"Organization\",\"@id\":\"http:\/\/www.lab3040.cat\/#organization\",\"name\":\"Lab3040 :: Conectamos ecosistemas de innovaci\u00f3n\",\"url\":\"http:\/\/www.lab3040.cat\/\",\"logo\":{\"@type\":\"ImageObject\",\"inLanguage\":\"es\",\"@id\":\"http:\/\/www.lab3040.cat\/#\/schema\/logo\/image\/\",\"url\":\"https:\/\/www.lab3040.cat\/wp-content\/uploads\/2023\/03\/logo_lab.jpg\",\"contentUrl\":\"https:\/\/www.lab3040.cat\/wp-content\/uploads\/2023\/03\/logo_lab.jpg\",\"width\":800,\"height\":375,\"caption\":\"Lab3040 :: Conectamos ecosistemas de innovaci\u00f3n\"},\"image\":{\"@id\":\"http:\/\/www.lab3040.cat\/#\/schema\/logo\/image\/\"}},{\"@type\":\"Person\",\"@id\":\"http:\/\/www.lab3040.cat\/#\/schema\/person\/ffa555576062bdb78d35014aabe0600f\",\"name\":\"Vicente Atienza\",\"url\":\"https:\/\/www.lab3040.cat\/es\/author\/vatienza\/\"}]}<\/script>\n<!-- \/ Yoast SEO plugin. -->","yoast_head_json":{"title":"La Universidad Polit\u00e9cnica de Catalu\u00f1a abre la tercera edici\u00f3n del programa Industrial Tech - Lab3040 :: Conectamos ecosistemas de innovaci\u00f3n","robots":{"index":"index","follow":"follow","max-snippet":"max-snippet:-1","max-image-preview":"max-image-preview:large","max-video-preview":"max-video-preview:-1"},"canonical":"https:\/\/www.lab3040.cat\/es\/actualidad\/la-universidad-politecnica-de-catalua-abre-la-tercera-edicion-del-programa-industrial-tech\/","og_locale":"es_ES","og_type":"article","og_title":"La Universidad Polit\u00e9cnica de Catalu\u00f1a abre la tercera edici\u00f3n del programa Industrial Tech - Lab3040 :: Conectamos ecosistemas de innovaci\u00f3n","og_description":"El concurso de preaceleraci\u00f3n industrial se abre como una nueva actividad del programa Empr\u00e8n UPC para aquellas personas interesadas en emprender en el \u00e1mbito de la tecnolog\u00eda industrial. El programa es gratuito y ofrece 60 horas de formaci\u00f3n pr\u00e1ctica en fabricaci\u00f3n aditiva, rob\u00f3tica, industria 4.0, IoT, hardware, entre otros. Adem\u00e1s, proporciona 40 horas de formaci\u00f3n&hellip;","og_url":"https:\/\/www.lab3040.cat\/es\/actualidad\/la-universidad-politecnica-de-catalua-abre-la-tercera-edicion-del-programa-industrial-tech\/","og_site_name":"Lab3040 :: Conectamos ecosistemas de innovaci\u00f3n","article_published_time":"2024-05-08T11:30:59+00:00","article_modified_time":"2024-05-13T11:48:56+00:00","author":"Vicente Atienza","twitter_card":"summary_large_image","twitter_misc":{"Escrito por":"Vicente Atienza","Tiempo de lectura":"1 minuto"},"schema":{"@context":"https:\/\/schema.org","@graph":[{"@type":"Article","@id":"https:\/\/www.lab3040.cat\/es\/actualidad\/la-universidad-politecnica-de-catalua-abre-la-tercera-edicion-del-programa-industrial-tech\/#article","isPartOf":{"@id":"https:\/\/www.lab3040.cat\/es\/actualidad\/la-universidad-politecnica-de-catalua-abre-la-tercera-edicion-del-programa-industrial-tech\/"},"author":{"name":"Vicente Atienza","@id":"http:\/\/www.lab3040.cat\/#\/schema\/person\/ffa555576062bdb78d35014aabe0600f"},"headline":"La Universidad Polit\u00e9cnica de Catalu\u00f1a abre la tercera edici\u00f3n del programa Industrial Tech","datePublished":"2024-05-08T11:30:59+00:00","dateModified":"2024-05-13T11:48:56+00:00","mainEntityOfPage":{"@id":"https:\/\/www.lab3040.cat\/es\/actualidad\/la-universidad-politecnica-de-catalua-abre-la-tercera-edicion-del-programa-industrial-tech\/"},"wordCount":122,"publisher":{"@id":"http:\/\/www.lab3040.cat\/#organization"},"articleSection":["Actualidad","Sin categorizar"],"inLanguage":"es"},{"@type":"WebPage","@id":"https:\/\/www.lab3040.cat\/es\/actualidad\/la-universidad-politecnica-de-catalua-abre-la-tercera-edicion-del-programa-industrial-tech\/","url":"https:\/\/www.lab3040.cat\/es\/actualidad\/la-universidad-politecnica-de-catalua-abre-la-tercera-edicion-del-programa-industrial-tech\/","name":"La Universidad Polit\u00e9cnica de Catalu\u00f1a abre la tercera edici\u00f3n del programa Industrial Tech - Lab3040 :: Conectamos ecosistemas de innovaci\u00f3n","isPartOf":{"@id":"http:\/\/www.lab3040.cat\/#website"},"datePublished":"2024-05-08T11:30:59+00:00","dateModified":"2024-05-13T11:48:56+00:00","breadcrumb":{"@id":"https:\/\/www.lab3040.cat\/es\/actualidad\/la-universidad-politecnica-de-catalua-abre-la-tercera-edicion-del-programa-industrial-tech\/#breadcrumb"},"inLanguage":"es","potentialAction":[{"@type":"ReadAction","target":["https:\/\/www.lab3040.cat\/es\/actualidad\/la-universidad-politecnica-de-catalua-abre-la-tercera-edicion-del-programa-industrial-tech\/"]}]},{"@type":"BreadcrumbList","@id":"https:\/\/www.lab3040.cat\/es\/actualidad\/la-universidad-politecnica-de-catalua-abre-la-tercera-edicion-del-programa-industrial-tech\/#breadcrumb","itemListElement":[{"@type":"ListItem","position":1,"name":"Inici","item":"https:\/\/www.lab3040.cat\/es\/"},{"@type":"ListItem","position":2,"name":"La Universidad Polit\u00e9cnica de Catalu\u00f1a abre la tercera edici\u00f3n del programa Industrial Tech"}]},{"@type":"WebSite","@id":"http:\/\/www.lab3040.cat\/#website","url":"http:\/\/www.lab3040.cat\/","name":"Lab3040 :: Conectamos ecosistemas de innovaci\u00f3n","description":"","publisher":{"@id":"http:\/\/www.lab3040.cat\/#organization"},"potentialAction":[{"@type":"SearchAction","target":{"@type":"EntryPoint","urlTemplate":"http:\/\/www.lab3040.cat\/?s={search_term_string}"},"query-input":{"@type":"PropertyValueSpecification","valueRequired":true,"valueName":"search_term_string"}}],"inLanguage":"es"},{"@type":"Organization","@id":"http:\/\/www.lab3040.cat\/#organization","name":"Lab3040 :: Conectamos ecosistemas de innovaci\u00f3n","url":"http:\/\/www.lab3040.cat\/","logo":{"@type":"ImageObject","inLanguage":"es","@id":"http:\/\/www.lab3040.cat\/#\/schema\/logo\/image\/","url":"https:\/\/www.lab3040.cat\/wp-content\/uploads\/2023\/03\/logo_lab.jpg","contentUrl":"https:\/\/www.lab3040.cat\/wp-content\/uploads\/2023\/03\/logo_lab.jpg","width":800,"height":375,"caption":"Lab3040 :: Conectamos ecosistemas de innovaci\u00f3n"},"image":{"@id":"http:\/\/www.lab3040.cat\/#\/schema\/logo\/image\/"}},{"@type":"Person","@id":"http:\/\/www.lab3040.cat\/#\/schema\/person\/ffa555576062bdb78d35014aabe0600f","name":"Vicente Atienza","url":"https:\/\/www.lab3040.cat\/es\/author\/vatienza\/"}]}},"_links":{"self":[{"href":"https:\/\/www.lab3040.cat\/es\/wp-json\/wp\/v2\/posts\/1987","targetHints":{"allow":["GET"]}}],"collection":[{"href":"https:\/\/www.lab3040.cat\/es\/wp-json\/wp\/v2\/posts"}],"about":[{"href":"https:\/\/www.lab3040.cat\/es\/wp-json\/wp\/v2\/types\/post"}],"author":[{"embeddable":true,"href":"https:\/\/www.lab3040.cat\/es\/wp-json\/wp\/v2\/users\/5"}],"replies":[{"embeddable":true,"href":"https:\/\/www.lab3040.cat\/es\/wp-json\/wp\/v2\/comments?post=1987"}],"version-history":[{"count":3,"href":"https:\/\/www.lab3040.cat\/es\/wp-json\/wp\/v2\/posts\/1987\/revisions"}],"predecessor-version":[{"id":1995,"href":"https:\/\/www.lab3040.cat\/es\/wp-json\/wp\/v2\/posts\/1987\/revisions\/1995"}],"wp:attachment":[{"href":"https:\/\/www.lab3040.cat\/es\/wp-json\/wp\/v2\/media?parent=1987"}],"wp:term":[{"taxonomy":"category","embeddable":true,"href":"https:\/\/www.lab3040.cat\/es\/wp-json\/wp\/v2\/categories?post=1987"},{"taxonomy":"post_tag","embeddable":true,"href":"https:\/\/www.lab3040.cat\/es\/wp-json\/wp\/v2\/tags?post=1987"}],"curies":[{"name":"wp","href":"https:\/\/api.w.org\/{rel}","templated":true}]}}