{"id":1783,"date":"2024-03-05T06:54:53","date_gmt":"2024-03-05T04:54:53","guid":{"rendered":"https:\/\/www.lab3040.cat\/?p=1783"},"modified":"2024-03-05T06:58:23","modified_gmt":"2024-03-05T04:58:23","slug":"abierta-la-convocatoria-de-all4zero","status":"publish","type":"post","link":"https:\/\/www.lab3040.cat\/es\/actualidad\/abierta-la-convocatoria-de-all4zero\/","title":{"rendered":"Abierta la convocatoria de All4Zero"},"content":{"rendered":"<h2 style=\"text-align: center;\">All4Zero es un hub de innovaci\u00f3n tecnol\u00f3gica con orientaci\u00f3n industrial, centrado en el desarrollo de tecnolog\u00edas para la\u00a0 descarbonizaci\u00f3n y la econom\u00eda circular.<\/h2>\n<p>El hub ha sido creado e impulsado por <strong>ArcelorMittal, Holcim, Iberia y Repsol<\/strong>, junto a otros socios industriales que tambi\u00e9n participan en su implementaci\u00f3n.<\/p>\n<p>Si tienes una soluci\u00f3n tecnol\u00f3gica de descarbonizaci\u00f3n para la industria, presenta tu propuesta.<\/p>\n<p>Los <strong>retos definidos<\/strong> por los socios de All4Zero para ser desarrollados durante este 2024 son:<\/p>\n<ul>\n<li>RETO 1 &#8211; \u00bfC\u00f3mo podemos capturar eficientemente el carbono y reducir las emisiones atmosf\u00e9ricas?<\/li>\n<li>RETO 2 &#8211; \u00bfC\u00f3mo podemos garantizar los recursos h\u00eddricos para procesos industriales a trav\u00e9s de fuentes alternativas o de la circularidad de aguas depuradas?<\/li>\n<li>RETO 3 &#8211; \u00bfC\u00f3mo podemos reducir costes y potenciar la eficiencia en la obtenci\u00f3n de hidr\u00f3geno renovable?<\/li>\n<li>RETO 4 &#8211; \u00bfC\u00f3mo podemos mineralizar el CO2 y crear combustibles sostenibles y SAF?<\/li>\n<li>RETO 5 &#8211; \u00bfC\u00f3mo podemos aprovechar los materiales procedentes de residuos para crear soluciones que impulsen la circularidad y la sostenibilidad?<\/li>\n<\/ul>\n<p>Si crees que tu tecnolog\u00eda o soluci\u00f3n encaja en alguno, aplica a la convocatoria para participar antes del 22 de marzo en <a href=\"https:\/\/all4zero-hub.com\/\">https:\/\/all4zero-hub.com\/<\/a><\/p>\n","protected":false},"excerpt":{"rendered":"<p>All4Zero es un hub de innovaci\u00f3n tecnol\u00f3gica con orientaci\u00f3n industrial, centrado en el desarrollo de tecnolog\u00edas para la\u00a0 descarbonizaci\u00f3n y la econom\u00eda circular. El hub ha sido creado e impulsado por ArcelorMittal, Holcim, Iberia y Repsol, junto a otros socios industriales que tambi\u00e9n participan en su implementaci\u00f3n. Si tienes una soluci\u00f3n tecnol\u00f3gica de descarbonizaci\u00f3n para&hellip;<\/p>\n","protected":false},"author":5,"featured_media":1784,"comment_status":"closed","ping_status":"closed","sticky":false,"template":"","format":"standard","meta":{"_acf_changed":false,"footnotes":""},"categories":[55],"tags":[],"class_list":["post-1783","post","type-post","status-publish","format-standard","has-post-thumbnail","hentry","category-actualidad","entry","has-media"],"acf":[],"yoast_head":"<!-- This site is optimized with the Yoast SEO plugin v27.1.1 - https:\/\/yoast.com\/product\/yoast-seo-wordpress\/ -->\n<title>Abierta la convocatoria de All4Zero - Lab3040 :: Conectamos ecosistemas de innovaci\u00f3n<\/title>\n<meta name=\"robots\" content=\"index, follow, max-snippet:-1, max-image-preview:large, max-video-preview:-1\" \/>\n<link rel=\"canonical\" href=\"https:\/\/www.lab3040.cat\/es\/actualidad\/abierta-la-convocatoria-de-all4zero\/\" \/>\n<meta property=\"og:locale\" content=\"es_ES\" \/>\n<meta property=\"og:type\" content=\"article\" \/>\n<meta property=\"og:title\" content=\"Abierta la convocatoria de All4Zero - Lab3040 :: Conectamos ecosistemas de innovaci\u00f3n\" \/>\n<meta property=\"og:description\" content=\"All4Zero es un hub de innovaci\u00f3n tecnol\u00f3gica con orientaci\u00f3n industrial, centrado en el desarrollo de tecnolog\u00edas para la\u00a0 descarbonizaci\u00f3n y la econom\u00eda circular. El hub ha sido creado e impulsado por ArcelorMittal, Holcim, Iberia y Repsol, junto a otros socios industriales que tambi\u00e9n participan en su implementaci\u00f3n. Si tienes una soluci\u00f3n tecnol\u00f3gica de descarbonizaci\u00f3n para&hellip;\" \/>\n<meta property=\"og:url\" content=\"https:\/\/www.lab3040.cat\/es\/actualidad\/abierta-la-convocatoria-de-all4zero\/\" \/>\n<meta property=\"og:site_name\" content=\"Lab3040 :: Conectamos ecosistemas de innovaci\u00f3n\" \/>\n<meta property=\"article:published_time\" content=\"2024-03-05T04:54:53+00:00\" \/>\n<meta property=\"article:modified_time\" content=\"2024-03-05T04:58:23+00:00\" \/>\n<meta property=\"og:image\" content=\"https:\/\/www.lab3040.cat\/wp-content\/uploads\/2024\/03\/2024-03-05_054634.gif\" \/>\n\t<meta property=\"og:image:width\" content=\"1011\" \/>\n\t<meta property=\"og:image:height\" content=\"291\" \/>\n\t<meta property=\"og:image:type\" content=\"image\/gif\" \/>\n<meta name=\"author\" content=\"Vicente Atienza\" \/>\n<meta name=\"twitter:card\" content=\"summary_large_image\" \/>\n<meta name=\"twitter:label1\" content=\"Escrito por\" \/>\n\t<meta name=\"twitter:data1\" content=\"Vicente Atienza\" \/>\n\t<meta name=\"twitter:label2\" content=\"Tiempo de lectura\" \/>\n\t<meta name=\"twitter:data2\" content=\"1 minuto\" \/>\n<script type=\"application\/ld+json\" class=\"yoast-schema-graph\">{\"@context\":\"https:\/\/schema.org\",\"@graph\":[{\"@type\":\"Article\",\"@id\":\"https:\/\/www.lab3040.cat\/es\/actualidad\/abierta-la-convocatoria-de-all4zero\/#article\",\"isPartOf\":{\"@id\":\"https:\/\/www.lab3040.cat\/es\/actualidad\/abierta-la-convocatoria-de-all4zero\/\"},\"author\":{\"name\":\"Vicente Atienza\",\"@id\":\"http:\/\/www.lab3040.cat\/#\/schema\/person\/ffa555576062bdb78d35014aabe0600f\"},\"headline\":\"Abierta la convocatoria de All4Zero\",\"datePublished\":\"2024-03-05T04:54:53+00:00\",\"dateModified\":\"2024-03-05T04:58:23+00:00\",\"mainEntityOfPage\":{\"@id\":\"https:\/\/www.lab3040.cat\/es\/actualidad\/abierta-la-convocatoria-de-all4zero\/\"},\"wordCount\":215,\"publisher\":{\"@id\":\"http:\/\/www.lab3040.cat\/#organization\"},\"image\":{\"@id\":\"https:\/\/www.lab3040.cat\/es\/actualidad\/abierta-la-convocatoria-de-all4zero\/#primaryimage\"},\"thumbnailUrl\":\"https:\/\/www.lab3040.cat\/wp-content\/uploads\/2024\/03\/2024-03-05_054634.gif\",\"articleSection\":[\"Actualidad\"],\"inLanguage\":\"es\"},{\"@type\":\"WebPage\",\"@id\":\"https:\/\/www.lab3040.cat\/es\/actualidad\/abierta-la-convocatoria-de-all4zero\/\",\"url\":\"https:\/\/www.lab3040.cat\/es\/actualidad\/abierta-la-convocatoria-de-all4zero\/\",\"name\":\"Abierta la convocatoria de All4Zero - Lab3040 :: Conectamos ecosistemas de innovaci\u00f3n\",\"isPartOf\":{\"@id\":\"http:\/\/www.lab3040.cat\/#website\"},\"primaryImageOfPage\":{\"@id\":\"https:\/\/www.lab3040.cat\/es\/actualidad\/abierta-la-convocatoria-de-all4zero\/#primaryimage\"},\"image\":{\"@id\":\"https:\/\/www.lab3040.cat\/es\/actualidad\/abierta-la-convocatoria-de-all4zero\/#primaryimage\"},\"thumbnailUrl\":\"https:\/\/www.lab3040.cat\/wp-content\/uploads\/2024\/03\/2024-03-05_054634.gif\",\"datePublished\":\"2024-03-05T04:54:53+00:00\",\"dateModified\":\"2024-03-05T04:58:23+00:00\",\"breadcrumb\":{\"@id\":\"https:\/\/www.lab3040.cat\/es\/actualidad\/abierta-la-convocatoria-de-all4zero\/#breadcrumb\"},\"inLanguage\":\"es\",\"potentialAction\":[{\"@type\":\"ReadAction\",\"target\":[\"https:\/\/www.lab3040.cat\/es\/actualidad\/abierta-la-convocatoria-de-all4zero\/\"]}]},{\"@type\":\"ImageObject\",\"inLanguage\":\"es\",\"@id\":\"https:\/\/www.lab3040.cat\/es\/actualidad\/abierta-la-convocatoria-de-all4zero\/#primaryimage\",\"url\":\"https:\/\/www.lab3040.cat\/wp-content\/uploads\/2024\/03\/2024-03-05_054634.gif\",\"contentUrl\":\"https:\/\/www.lab3040.cat\/wp-content\/uploads\/2024\/03\/2024-03-05_054634.gif\",\"width\":1011,\"height\":291},{\"@type\":\"BreadcrumbList\",\"@id\":\"https:\/\/www.lab3040.cat\/es\/actualidad\/abierta-la-convocatoria-de-all4zero\/#breadcrumb\",\"itemListElement\":[{\"@type\":\"ListItem\",\"position\":1,\"name\":\"Inici\",\"item\":\"https:\/\/www.lab3040.cat\/es\/\"},{\"@type\":\"ListItem\",\"position\":2,\"name\":\"Abierta la convocatoria de All4Zero\"}]},{\"@type\":\"WebSite\",\"@id\":\"http:\/\/www.lab3040.cat\/#website\",\"url\":\"http:\/\/www.lab3040.cat\/\",\"name\":\"Lab3040 :: Conectamos ecosistemas de innovaci\u00f3n\",\"description\":\"\",\"publisher\":{\"@id\":\"http:\/\/www.lab3040.cat\/#organization\"},\"potentialAction\":[{\"@type\":\"SearchAction\",\"target\":{\"@type\":\"EntryPoint\",\"urlTemplate\":\"http:\/\/www.lab3040.cat\/?s={search_term_string}\"},\"query-input\":{\"@type\":\"PropertyValueSpecification\",\"valueRequired\":true,\"valueName\":\"search_term_string\"}}],\"inLanguage\":\"es\"},{\"@type\":\"Organization\",\"@id\":\"http:\/\/www.lab3040.cat\/#organization\",\"name\":\"Lab3040 :: Conectamos ecosistemas de innovaci\u00f3n\",\"url\":\"http:\/\/www.lab3040.cat\/\",\"logo\":{\"@type\":\"ImageObject\",\"inLanguage\":\"es\",\"@id\":\"http:\/\/www.lab3040.cat\/#\/schema\/logo\/image\/\",\"url\":\"https:\/\/www.lab3040.cat\/wp-content\/uploads\/2023\/03\/logo_lab.jpg\",\"contentUrl\":\"https:\/\/www.lab3040.cat\/wp-content\/uploads\/2023\/03\/logo_lab.jpg\",\"width\":800,\"height\":375,\"caption\":\"Lab3040 :: Conectamos ecosistemas de innovaci\u00f3n\"},\"image\":{\"@id\":\"http:\/\/www.lab3040.cat\/#\/schema\/logo\/image\/\"}},{\"@type\":\"Person\",\"@id\":\"http:\/\/www.lab3040.cat\/#\/schema\/person\/ffa555576062bdb78d35014aabe0600f\",\"name\":\"Vicente Atienza\",\"url\":\"https:\/\/www.lab3040.cat\/es\/author\/vatienza\/\"}]}<\/script>\n<!-- \/ Yoast SEO plugin. -->","yoast_head_json":{"title":"Abierta la convocatoria de All4Zero - Lab3040 :: Conectamos ecosistemas de innovaci\u00f3n","robots":{"index":"index","follow":"follow","max-snippet":"max-snippet:-1","max-image-preview":"max-image-preview:large","max-video-preview":"max-video-preview:-1"},"canonical":"https:\/\/www.lab3040.cat\/es\/actualidad\/abierta-la-convocatoria-de-all4zero\/","og_locale":"es_ES","og_type":"article","og_title":"Abierta la convocatoria de All4Zero - Lab3040 :: Conectamos ecosistemas de innovaci\u00f3n","og_description":"All4Zero es un hub de innovaci\u00f3n tecnol\u00f3gica con orientaci\u00f3n industrial, centrado en el desarrollo de tecnolog\u00edas para la\u00a0 descarbonizaci\u00f3n y la econom\u00eda circular. El hub ha sido creado e impulsado por ArcelorMittal, Holcim, Iberia y Repsol, junto a otros socios industriales que tambi\u00e9n participan en su implementaci\u00f3n. Si tienes una soluci\u00f3n tecnol\u00f3gica de descarbonizaci\u00f3n para&hellip;","og_url":"https:\/\/www.lab3040.cat\/es\/actualidad\/abierta-la-convocatoria-de-all4zero\/","og_site_name":"Lab3040 :: Conectamos ecosistemas de innovaci\u00f3n","article_published_time":"2024-03-05T04:54:53+00:00","article_modified_time":"2024-03-05T04:58:23+00:00","og_image":[{"width":1011,"height":291,"url":"https:\/\/www.lab3040.cat\/wp-content\/uploads\/2024\/03\/2024-03-05_054634.gif","type":"image\/gif"}],"author":"Vicente Atienza","twitter_card":"summary_large_image","twitter_misc":{"Escrito por":"Vicente Atienza","Tiempo de lectura":"1 minuto"},"schema":{"@context":"https:\/\/schema.org","@graph":[{"@type":"Article","@id":"https:\/\/www.lab3040.cat\/es\/actualidad\/abierta-la-convocatoria-de-all4zero\/#article","isPartOf":{"@id":"https:\/\/www.lab3040.cat\/es\/actualidad\/abierta-la-convocatoria-de-all4zero\/"},"author":{"name":"Vicente Atienza","@id":"http:\/\/www.lab3040.cat\/#\/schema\/person\/ffa555576062bdb78d35014aabe0600f"},"headline":"Abierta la convocatoria de All4Zero","datePublished":"2024-03-05T04:54:53+00:00","dateModified":"2024-03-05T04:58:23+00:00","mainEntityOfPage":{"@id":"https:\/\/www.lab3040.cat\/es\/actualidad\/abierta-la-convocatoria-de-all4zero\/"},"wordCount":215,"publisher":{"@id":"http:\/\/www.lab3040.cat\/#organization"},"image":{"@id":"https:\/\/www.lab3040.cat\/es\/actualidad\/abierta-la-convocatoria-de-all4zero\/#primaryimage"},"thumbnailUrl":"https:\/\/www.lab3040.cat\/wp-content\/uploads\/2024\/03\/2024-03-05_054634.gif","articleSection":["Actualidad"],"inLanguage":"es"},{"@type":"WebPage","@id":"https:\/\/www.lab3040.cat\/es\/actualidad\/abierta-la-convocatoria-de-all4zero\/","url":"https:\/\/www.lab3040.cat\/es\/actualidad\/abierta-la-convocatoria-de-all4zero\/","name":"Abierta la convocatoria de All4Zero - Lab3040 :: Conectamos ecosistemas de innovaci\u00f3n","isPartOf":{"@id":"http:\/\/www.lab3040.cat\/#website"},"primaryImageOfPage":{"@id":"https:\/\/www.lab3040.cat\/es\/actualidad\/abierta-la-convocatoria-de-all4zero\/#primaryimage"},"image":{"@id":"https:\/\/www.lab3040.cat\/es\/actualidad\/abierta-la-convocatoria-de-all4zero\/#primaryimage"},"thumbnailUrl":"https:\/\/www.lab3040.cat\/wp-content\/uploads\/2024\/03\/2024-03-05_054634.gif","datePublished":"2024-03-05T04:54:53+00:00","dateModified":"2024-03-05T04:58:23+00:00","breadcrumb":{"@id":"https:\/\/www.lab3040.cat\/es\/actualidad\/abierta-la-convocatoria-de-all4zero\/#breadcrumb"},"inLanguage":"es","potentialAction":[{"@type":"ReadAction","target":["https:\/\/www.lab3040.cat\/es\/actualidad\/abierta-la-convocatoria-de-all4zero\/"]}]},{"@type":"ImageObject","inLanguage":"es","@id":"https:\/\/www.lab3040.cat\/es\/actualidad\/abierta-la-convocatoria-de-all4zero\/#primaryimage","url":"https:\/\/www.lab3040.cat\/wp-content\/uploads\/2024\/03\/2024-03-05_054634.gif","contentUrl":"https:\/\/www.lab3040.cat\/wp-content\/uploads\/2024\/03\/2024-03-05_054634.gif","width":1011,"height":291},{"@type":"BreadcrumbList","@id":"https:\/\/www.lab3040.cat\/es\/actualidad\/abierta-la-convocatoria-de-all4zero\/#breadcrumb","itemListElement":[{"@type":"ListItem","position":1,"name":"Inici","item":"https:\/\/www.lab3040.cat\/es\/"},{"@type":"ListItem","position":2,"name":"Abierta la convocatoria de All4Zero"}]},{"@type":"WebSite","@id":"http:\/\/www.lab3040.cat\/#website","url":"http:\/\/www.lab3040.cat\/","name":"Lab3040 :: Conectamos ecosistemas de innovaci\u00f3n","description":"","publisher":{"@id":"http:\/\/www.lab3040.cat\/#organization"},"potentialAction":[{"@type":"SearchAction","target":{"@type":"EntryPoint","urlTemplate":"http:\/\/www.lab3040.cat\/?s={search_term_string}"},"query-input":{"@type":"PropertyValueSpecification","valueRequired":true,"valueName":"search_term_string"}}],"inLanguage":"es"},{"@type":"Organization","@id":"http:\/\/www.lab3040.cat\/#organization","name":"Lab3040 :: Conectamos ecosistemas de innovaci\u00f3n","url":"http:\/\/www.lab3040.cat\/","logo":{"@type":"ImageObject","inLanguage":"es","@id":"http:\/\/www.lab3040.cat\/#\/schema\/logo\/image\/","url":"https:\/\/www.lab3040.cat\/wp-content\/uploads\/2023\/03\/logo_lab.jpg","contentUrl":"https:\/\/www.lab3040.cat\/wp-content\/uploads\/2023\/03\/logo_lab.jpg","width":800,"height":375,"caption":"Lab3040 :: Conectamos ecosistemas de innovaci\u00f3n"},"image":{"@id":"http:\/\/www.lab3040.cat\/#\/schema\/logo\/image\/"}},{"@type":"Person","@id":"http:\/\/www.lab3040.cat\/#\/schema\/person\/ffa555576062bdb78d35014aabe0600f","name":"Vicente Atienza","url":"https:\/\/www.lab3040.cat\/es\/author\/vatienza\/"}]}},"_links":{"self":[{"href":"https:\/\/www.lab3040.cat\/es\/wp-json\/wp\/v2\/posts\/1783","targetHints":{"allow":["GET"]}}],"collection":[{"href":"https:\/\/www.lab3040.cat\/es\/wp-json\/wp\/v2\/posts"}],"about":[{"href":"https:\/\/www.lab3040.cat\/es\/wp-json\/wp\/v2\/types\/post"}],"author":[{"embeddable":true,"href":"https:\/\/www.lab3040.cat\/es\/wp-json\/wp\/v2\/users\/5"}],"replies":[{"embeddable":true,"href":"https:\/\/www.lab3040.cat\/es\/wp-json\/wp\/v2\/comments?post=1783"}],"version-history":[{"count":1,"href":"https:\/\/www.lab3040.cat\/es\/wp-json\/wp\/v2\/posts\/1783\/revisions"}],"predecessor-version":[{"id":1787,"href":"https:\/\/www.lab3040.cat\/es\/wp-json\/wp\/v2\/posts\/1783\/revisions\/1787"}],"wp:featuredmedia":[{"embeddable":true,"href":"https:\/\/www.lab3040.cat\/es\/wp-json\/wp\/v2\/media\/1784"}],"wp:attachment":[{"href":"https:\/\/www.lab3040.cat\/es\/wp-json\/wp\/v2\/media?parent=1783"}],"wp:term":[{"taxonomy":"category","embeddable":true,"href":"https:\/\/www.lab3040.cat\/es\/wp-json\/wp\/v2\/categories?post=1783"},{"taxonomy":"post_tag","embeddable":true,"href":"https:\/\/www.lab3040.cat\/es\/wp-json\/wp\/v2\/tags?post=1783"}],"curies":[{"name":"wp","href":"https:\/\/api.w.org\/{rel}","templated":true}]}}